{"id":2970,"date":"2025-10-13T03:50:32","date_gmt":"2025-10-13T03:50:32","guid":{"rendered":"https:\/\/jalpademendez.gob.mx\/wp\/?p=2970"},"modified":"2025-10-13T03:54:40","modified_gmt":"2025-10-13T03:54:40","slug":"jornada-de-reforestacion-2025-un-regalo-de-vida-a-tabasco","status":"publish","type":"post","link":"https:\/\/jalpademendez.gob.mx\/wp\/uncategorized\/jornada-de-reforestacion-2025-un-regalo-de-vida-a-tabasco\/","title":{"rendered":"Jornada de Reforestaci\u00f3n 2025: un regalo de vida a Tabasco"},"content":{"rendered":"\n<p>Esta ma\u00f1ana, el presidente municipal Lic. Jos\u00e9 del Carmen Ol\u00e1n Ol\u00e1n encabez\u00f3 la inauguraci\u00f3n de la jornada en el CBTA 94 del Poblado Soyataco, destacando que cada \u00e1rbol sembrado fortalece nuestro compromiso con la naturaleza y deja un legado para las futuras generaciones. <img loading=\"lazy\" decoding=\"async\" height=\"16\" width=\"16\" alt=\"\ud83d\udc9a\" src=\"https:\/\/static.xx.fbcdn.net\/images\/emoji.php\/v9\/t94\/1\/16\/1f49a.png\"><\/p>\n\n\n\n<p><a href=\"https:\/\/www.facebook.com\/watch\/hashtag\/jornadadereforestaci%C3%B3n2025\/?__cft__[0]=AZVYDfb1sCAj5oHtzGZyKL8-hYUKwnTxzSI8AvLfIT2WFxtdtGno7fzqakpxp18YrAVKf-uqjJfHsPGmvsmdigNgas95RXrTR-jTD00oyk1wEpEafgagPIqvmfZJtkuMavR8Aon8i_os3GYah3E76FZiWzIioUJ6dIv8zOHKfi9nrtF4Ax8EYkSDsQUtwKgdrzuqdTk2gZDQma_55EO6rzQy&amp;__tn__=*NK-R\">#JornadaDeReforestaci\u00f3n2025<\/a><a href=\"https:\/\/www.facebook.com\/watch\/hashtag\/unregalodevida\/?__cft__[0]=AZVYDfb1sCAj5oHtzGZyKL8-hYUKwnTxzSI8AvLfIT2WFxtdtGno7fzqakpxp18YrAVKf-uqjJfHsPGmvsmdigNgas95RXrTR-jTD00oyk1wEpEafgagPIqvmfZJtkuMavR8Aon8i_os3GYah3E76FZiWzIioUJ6dIv8zOHKfi9nrtF4Ax8EYkSDsQUtwKgdrzuqdTk2gZDQma_55EO6rzQy&amp;__tn__=*NK-R\">#UnRegaloDeVida<\/a><a href=\"https:\/\/www.facebook.com\/watch\/hashtag\/jalpadem%C3%A9ndezverde\/?__cft__[0]=AZVYDfb1sCAj5oHtzGZyKL8-hYUKwnTxzSI8AvLfIT2WFxtdtGno7fzqakpxp18YrAVKf-uqjJfHsPGmvsmdigNgas95RXrTR-jTD00oyk1wEpEafgagPIqvmfZJtkuMavR8Aon8i_os3GYah3E76FZiWzIioUJ6dIv8zOHKfi9nrtF4Ax8EYkSDsQUtwKgdrzuqdTk2gZDQma_55EO6rzQy&amp;__tn__=*NK-R\">#JalpaDeM\u00e9ndezVerde<\/a><\/p>\n\n\n<p><iframe loading=\"lazy\" src=\"https:\/\/www.facebook.com\/plugins\/video.php?height=312&#038;href=https%3A%2F%2Fwww.facebook.com%2Freel%2F2640244426335884%2F&#038;show_text=false&#038;width=560&#038;t=0\" width=\"960\" height=\"612\" style=\"border:none;overflow:hidden\" scrolling=\"no\" frameborder=\"0\" allowfullscreen=\"true\" allow=\"autoplay; clipboard-write; encrypted-media; picture-in-picture; web-share\" allowFullScreen=\"true\"><\/iframe><\/p>\n<div class=\"pvc_clear\"><\/div><p id=\"pvc_stats_2970\" class=\"pvc_stats all  \" data-element-id=\"2970\" style=\"\"><i class=\"pvc-stats-icon medium\" aria-hidden=\"true\"><svg aria-hidden=\"true\" focusable=\"false\" data-prefix=\"far\" data-icon=\"chart-bar\" role=\"img\" xmlns=\"http:\/\/www.w3.org\/2000\/svg\" viewBox=\"0 0 512 512\" class=\"svg-inline--fa fa-chart-bar fa-w-16 fa-2x\"><path fill=\"currentColor\" d=\"M396.8 352h22.4c6.4 0 12.8-6.4 12.8-12.8V108.8c0-6.4-6.4-12.8-12.8-12.8h-22.4c-6.4 0-12.8 6.4-12.8 12.8v230.4c0 6.4 6.4 12.8 12.8 12.8zm-192 0h22.4c6.4 0 12.8-6.4 12.8-12.8V140.8c0-6.4-6.4-12.8-12.8-12.8h-22.4c-6.4 0-12.8 6.4-12.8 12.8v198.4c0 6.4 6.4 12.8 12.8 12.8zm96 0h22.4c6.4 0 12.8-6.4 12.8-12.8V204.8c0-6.4-6.4-12.8-12.8-12.8h-22.4c-6.4 0-12.8 6.4-12.8 12.8v134.4c0 6.4 6.4 12.8 12.8 12.8zM496 400H48V80c0-8.84-7.16-16-16-16H16C7.16 64 0 71.16 0 80v336c0 17.67 14.33 32 32 32h464c8.84 0 16-7.16 16-16v-16c0-8.84-7.16-16-16-16zm-387.2-48h22.4c6.4 0 12.8-6.4 12.8-12.8v-70.4c0-6.4-6.4-12.8-12.8-12.8h-22.4c-6.4 0-12.8 6.4-12.8 12.8v70.4c0 6.4 6.4 12.8 12.8 12.8z\" class=\"\"><\/path><\/svg><\/i> <img loading=\"lazy\" decoding=\"async\" width=\"16\" height=\"16\" alt=\"Loading\" src=\"https:\/\/jalpademendez.gob.mx\/wp\/wp-content\/plugins\/page-views-count\/ajax-loader-2x.gif\" border=0 \/><\/p><div class=\"pvc_clear\"><\/div>","protected":false},"excerpt":{"rendered":"<p>Esta ma\u00f1ana, el presidente municipal Lic. Jos\u00e9 del Carmen Ol\u00e1n Ol\u00e1n encabez\u00f3 la inauguraci\u00f3n de la jornada en el CBTA 94 del Poblado Soyataco, destacando que cada \u00e1rbol sembrado fortalece nuestro compromiso con la naturaleza y deja un legado para las futuras generaciones. #JornadaDeReforestaci\u00f3n2025#UnRegaloDeVida#JalpaDeM\u00e9ndezVerde<\/p>\n<div class=\"pvc_clear\"><\/div>\n<p id=\"pvc_stats_2970\" class=\"pvc_stats all  \" data-element-id=\"2970\" style=\"\"><i class=\"pvc-stats-icon medium\" aria-hidden=\"true\"><svg aria-hidden=\"true\" focusable=\"false\" data-prefix=\"far\" data-icon=\"chart-bar\" role=\"img\" xmlns=\"http:\/\/www.w3.org\/2000\/svg\" viewBox=\"0 0 512 512\" class=\"svg-inline--fa fa-chart-bar fa-w-16 fa-2x\"><path fill=\"currentColor\" d=\"M396.8 352h22.4c6.4 0 12.8-6.4 12.8-12.8V108.8c0-6.4-6.4-12.8-12.8-12.8h-22.4c-6.4 0-12.8 6.4-12.8 12.8v230.4c0 6.4 6.4 12.8 12.8 12.8zm-192 0h22.4c6.4 0 12.8-6.4 12.8-12.8V140.8c0-6.4-6.4-12.8-12.8-12.8h-22.4c-6.4 0-12.8 6.4-12.8 12.8v198.4c0 6.4 6.4 12.8 12.8 12.8zm96 0h22.4c6.4 0 12.8-6.4 12.8-12.8V204.8c0-6.4-6.4-12.8-12.8-12.8h-22.4c-6.4 0-12.8 6.4-12.8 12.8v134.4c0 6.4 6.4 12.8 12.8 12.8zM496 400H48V80c0-8.84-7.16-16-16-16H16C7.16 64 0 71.16 0 80v336c0 17.67 14.33 32 32 32h464c8.84 0 16-7.16 16-16v-16c0-8.84-7.16-16-16-16zm-387.2-48h22.4c6.4 0 12.8-6.4 12.8-12.8v-70.4c0-6.4-6.4-12.8-12.8-12.8h-22.4c-6.4 0-12.8 6.4-12.8 12.8v70.4c0 6.4 6.4 12.8 12.8 12.8z\" class=\"\"><\/path><\/svg><\/i> <img loading=\"lazy\" decoding=\"async\" width=\"16\" height=\"16\" alt=\"Loading\" src=\"https:\/\/jalpademendez.gob.mx\/wp\/wp-content\/plugins\/page-views-count\/ajax-loader-2x.gif\" border=0 \/><\/p>\n<div class=\"pvc_clear\"><\/div>\n","protected":false},"author":1,"featured_media":2972,"comment_status":"open","ping_status":"closed","sticky":false,"template":"","format":"standard","meta":{"footnotes":""},"categories":[1],"tags":[],"class_list":["post-2970","post","type-post","status-publish","format-standard","has-post-thumbnail","hentry","category-uncategorized"],"a3_pvc":{"activated":true,"total_views":14,"today_views":0},"_links":{"self":[{"href":"https:\/\/jalpademendez.gob.mx\/wp\/wp-json\/wp\/v2\/posts\/2970","targetHints":{"allow":["GET"]}}],"collection":[{"href":"https:\/\/jalpademendez.gob.mx\/wp\/wp-json\/wp\/v2\/posts"}],"about":[{"href":"https:\/\/jalpademendez.gob.mx\/wp\/wp-json\/wp\/v2\/types\/post"}],"author":[{"embeddable":true,"href":"https:\/\/jalpademendez.gob.mx\/wp\/wp-json\/wp\/v2\/users\/1"}],"replies":[{"embeddable":true,"href":"https:\/\/jalpademendez.gob.mx\/wp\/wp-json\/wp\/v2\/comments?post=2970"}],"version-history":[{"count":1,"href":"https:\/\/jalpademendez.gob.mx\/wp\/wp-json\/wp\/v2\/posts\/2970\/revisions"}],"predecessor-version":[{"id":2971,"href":"https:\/\/jalpademendez.gob.mx\/wp\/wp-json\/wp\/v2\/posts\/2970\/revisions\/2971"}],"wp:featuredmedia":[{"embeddable":true,"href":"https:\/\/jalpademendez.gob.mx\/wp\/wp-json\/wp\/v2\/media\/2972"}],"wp:attachment":[{"href":"https:\/\/jalpademendez.gob.mx\/wp\/wp-json\/wp\/v2\/media?parent=2970"}],"wp:term":[{"taxonomy":"category","embeddable":true,"href":"https:\/\/jalpademendez.gob.mx\/wp\/wp-json\/wp\/v2\/categories?post=2970"},{"taxonomy":"post_tag","embeddable":true,"href":"https:\/\/jalpademendez.gob.mx\/wp\/wp-json\/wp\/v2\/tags?post=2970"}],"curies":[{"name":"wp","href":"https:\/\/api.w.org\/{rel}","templated":true}]}}